{"id":1127,"date":"2021-07-22T17:09:40","date_gmt":"2021-07-22T17:09:40","guid":{"rendered":"https:\/\/clinicadrvilar.com\/?p=1127"},"modified":"2022-04-20T16:53:08","modified_gmt":"2022-04-20T16:53:08","slug":"malaltia-periodontal-com-afecta-a-la-seva-salut-general","status":"publish","type":"post","link":"https:\/\/clinicadrcasasvilar.com\/ca\/enfermedad-periodontal-como-afecta-a-su-salud-general\/","title":{"rendered":"Malaltia periodontal, com afecta la salut general?"},"content":{"rendered":"<div class=\"fusion-fullwidth fullwidth-box fusion-builder-row-1 fusion-flex-container hundred-percent-fullwidth non-hundred-percent-height-scrolling\" style=\"--awb-border-radius-top-left:0px;--awb-border-radius-top-right:0px;--awb-border-radius-bottom-right:0px;--awb-border-radius-bottom-left:0px;--awb-flex-wrap:wrap;\" ><div class=\"fusion-builder-row fusion-row fusion-flex-align-items-flex-start fusion-flex-content-wrap\" style=\"width:104% !important;max-width:104% !important;margin-left: calc(-4% \/ 2 );margin-right: calc(-4% \/ 2 );\"><div class=\"fusion-layout-column fusion_builder_column fusion-builder-column-0 fusion_builder_column_1_1 1_1 fusion-flex-column\" style=\"--awb-bg-size:cover;--awb-width-large:100%;--awb-margin-top-large:0px;--awb-spacing-right-large:1.92%;--awb-margin-bottom-large:0px;--awb-spacing-left-large:1.92%;--awb-width-medium:100%;--awb-spacing-right-medium:1.92%;--awb-spacing-left-medium:1.92%;--awb-width-small:100%;--awb-spacing-right-small:1.92%;--awb-spacing-left-small:1.92%;\"><div class=\"fusion-column-wrapper fusion-flex-justify-content-flex-start fusion-content-layout-column\"><div class=\"fusion-text fusion-text-1\"><p>S&#039;estima que el 50% de la poblaci\u00f3 adulta europea presenta alguna forma de malaltia periodontal i que entre el 10-15% tenen periodontitis severa. A la darrera d\u00e8cada, <strong>cada vegada hi ha m\u00e9s proves cient\u00edfiques que demostren la relaci\u00f3 entre la <a href=\"https:\/\/clinicadrcasasvilar.com\/ca\/tractament-periodontal\/\">malaltia periodontal<\/a>, juntament amb els bacteris que la causen, i les malalties sist\u00e8miques que afecten altres zones del cos, com les malalties cardiovasculars, la diabetis, els accidents cerebrovasculars i els nadons prematurs de baix pes<\/strong>.<\/p>\n<p><!--more--><\/p>\n<p>La relaci\u00f3 entre el que passa a la boca i el que passa a la resta del cos \u00e9s una resposta inflamat\u00f2ria similar.<\/p>\n<p>No obstant aix\u00f2, \u00e9s important assenyalar que <strong>el desenvolupament de la inflamaci\u00f3 gingival o dels s\u00edmptomes de la malaltia periodontal no significa que una persona desenvolupi definitivament una afecci\u00f3 sist\u00e8mica<\/strong>. Hi ha molts altres factors que contribueixen a laparici\u00f3 de malalties card\u00edaques, diabetis, accidents cerebrovasculars, etc.<\/p>\n<h2>COM ELS ANTECEDENTS FAMILIARS\/PREDISPOSICI\u00d3 GEN\u00c8TICA PODEN AJUDAR A PREVENIR LA MALALTIA PERIODONTAL<\/p>\n<\/h2>\n<p>Segons l&#039;Acad\u00e8mia Americana de Period\u00f2ncia (AAP), els estudis cient\u00edfics han descobert que <strong>aproximadament el 30 per cent de la poblaci\u00f3 pot estar gen\u00e8ticament predisposada a la malaltia periodontal<\/strong>, amb diferents gens que exerceixen un important paper en la susceptibilitat de la periodontitis.<\/p>\n<p>Com a resultat, malgrat els h\u00e0bits constants d&#039;higiene bucal, aquestes persones poden tenir sis vegades m\u00e9s probabilitats de desenvolupar la malaltia de les genives. <strong>L&#039;\u00fas d&#039;una prova gen\u00e8tica per identificar les persones que estan gen\u00e8ticament predisposades a la malaltia periodontal fins i tot abans que mostrin signes de la malaltia<\/strong> els pot permetre rebre intervencions i tractaments primerencs per part del seu odont\u00f2leg.<\/p>\n<p>Els estudis han demostrat que <strong>quan les persones que pateixen afeccions com la diabetis, la malaltia arterial coron\u00e0ria i la malaltia cerebrovascular (ECV), o l&#039;ictus, reben tractaments periodontals a temps, es redueixen els costos<\/strong> atenci\u00f3 m\u00e8dica associats.<\/p>\n<p>A m\u00e9s, com els <strong>odont\u00f2legs s\u00f3n cada vegada m\u00e9s conscients de l&#039;impacte que la malaltia periodontal pot tenir en la salut general dels pacients, estan refor\u00e7ant de manera proactiva la import\u00e0ncia d&#039;una cura i d&#039;higiene bucal adequats durant cada visita<\/strong>, recomanant activament la visita a <a href=\"https:\/\/clinicadrcasasvilar.com\/ca\/\">Cl\u00edniques periodentals<\/a> amb dentistes periodoncistes. Cal destacar la import\u00e0ncia de raspallar-se les dents dues vegades al dia i utilitzar el fil dental di\u00e0riament com a manera de mantenir-se sa.<\/p>\n<h2>QUINES S\u00d3N LES ASSOCIACIONS DE LA MALALTIA PERIODONTAL SOBRE ALTRES MALALTIES?<\/p>\n<\/h2>\n<p>La relaci\u00f3 entre les malalties bucodentals i les malalties sist\u00e8miques es basa en el fet que <strong>els bacteris periodontals poden entrar al torrent sanguini i despla\u00e7ar-se a altres parts del cos<\/strong>, on poden iniciar noves infeccions i desencadenar o exacerbar una resposta inflamat\u00f2ria. \u00c9s important entendre que <strong>una infecci\u00f3 a la boca \u00e9s una infecci\u00f3 al cos, i com qualsevol infecci\u00f3, es pot propagar<\/strong>. A m\u00e9s, com a resultat de la infecci\u00f3, el cos produeix certes prote\u00efnes que circulen a la sang, conegudes com a Prote\u00efna C-Reactiva (PCR). Aquestes prote\u00efnes poden provocar una irritaci\u00f3 a les parets dels vasos sanguinis que, en \u00faltima inst\u00e0ncia, condueix a un estrenyiment de les art\u00e8ries. Aix\u00f2 pot conduir posteriorment a un atac de cor oa un vessament cerebral.<\/p>\n<p>Entre les <strong>afeccions m\u00e8diques sist\u00e8miques afectades per la malaltia periodontal i els bacteris orals<\/strong> es troben les seg\u00fcents:<\/p>\n<ul>\n<li><strong>Aterosclerosi<\/strong>. L&#039;aterosclerosi \u00e9s una malaltia inflamat\u00f2ria. La malaltia periodontal i l&#039;aterosclerosi coexisteixen sovint a la mateixa persona. Els estudis han demostrat que amb el tractament de la malaltia de les genives tant la inflamaci\u00f3 periodontal com la sist\u00e8mica poden disminuir. At\u00e8s que l&#039;aterosclerosi \u00e9s una malaltia inflamat\u00f2ria, el tractament periodontal pot beneficiar el sistema cardiovascular. De fet, els cient\u00edfics han demostrat que els tractaments periodontals intensius han donat lloc a millores a la salut arterial. Com el colesterol, l&#039;an\u00e0lisi de la PCR ha passat a formar part de les an\u00e0lisis de sang per detectar els factors de risc card\u00edac.<\/li>\n<li><strong>Afectacions adverses de l&#039;embar\u00e0s<\/strong>. La pres\u00e8ncia de la malaltia periodontal a les dones embarassades s&#039;ha relacionat amb els parts prematurs, la diabetis gestacional, la preecl\u00e0mpsia (un augment sobtat de la pressi\u00f3 arterial al final de l&#039;embar\u00e0s), el naixement de nadons amb baix pes i la p\u00e8rdua del fetus . Tot i aix\u00f2, els investigadors han descobert una reducci\u00f3 del nombre de naixements prematurs entre les dones que van rebre tractament periodontal durant l&#039;embar\u00e0s, en comparaci\u00f3 amb les que van esperar fins despr\u00e9s del part per rebre&#039;l. Les dones embarassades que pateixen una malaltia periodontal poden tenir set vegades m\u00e9s probabilitats de tenir un nad\u00f3 que neixi massa aviat i massa petit. S&#039;aconsella a les dones que estiguin pensant quedar-se embarassades que se sotmetin a un examen periodontal complet.<\/li>\n<li><strong>Pneum\u00f2nia<\/strong>. Les infeccions periodontals es poden despla\u00e7ar fins al coll i el pit, aix\u00ed com allotjar-se als pulmons. De fet, les investigacions han demostrat que els bacteris i els pat\u00f2gens periodontals s&#039;aspiren (es respiren) a les vies respirat\u00f2ries de les persones amb malalties greus de les genives. Per aix\u00f2 \u00e9s important fer peri\u00f2dicament curetatges per mantenir la c\u00e0rrega bacteriana el m\u00e9s baixa possible.<\/li>\n<li><strong>Diabetis<\/strong>. La inflamaci\u00f3 periodontal \u00e9s una complicaci\u00f3 molt freq\u00fcent de la diabetis. Les persones amb diabetis s\u00f3n m\u00e9s propenses a les infeccions ia la malaltia periodontal greu, cosa que significa que poden necessitar acudir al dentista amb m\u00e9s freq\u00fc\u00e8ncia per als curetatges. S&#039;ha demostrat que reduir les infeccions de les genives millora el control de la diabetis.<\/li>\n<li><strong>Malalties del cor<\/strong>. Les persones amb periodontitis descontrolada poden patir infeccions que provoquin una alta concentraci\u00f3 de pat\u00f2gens a la sang, suposant un major risc de patir malalties coron\u00e0ries. \u00c9s m\u00e9s, fa temps que es recomana l&#039;\u00fas d&#039;un tractament antibi\u00f2tic per als pacients amb certes afeccions card\u00edaques quan se sotmeten a una ter\u00e0pia periodontal. A m\u00e9s, les investigacions han relacionat la malaltia periodontal i els bacteris relacionats amb ella amb les malalties cardiovasculars, els accidents cerebrovasculars, l&#039;endocarditis infecciosa i altres afeccions card\u00edaques.<\/li>\n<\/ul>\n<p>La salut bucodental, aix\u00ed com els tractaments de period\u00f2ncia tant preventius com per eradicar la infecci\u00f3 s\u00f3n de vital import\u00e0ncia per evitar la pr\u00f2pia malaltia i altres desencadenades d&#039;aquesta, <strong>si vol rebre tractament tant preventiu com d&#039;eradicaci\u00f3 de la malaltia, consulteu la nostra cl\u00ednica per rebre el tractament m\u00e9s adequat segons les vostres necessitats o evoluci\u00f3 de la malaltia<\/strong>. Som especialistes periodoncistes.<\/p>\n<\/div><\/div><\/div><\/div><\/div>","protected":false},"excerpt":{"rendered":"<p>Se estima que el 50% de la poblaci\u00f3n adulta europea presenta alguna forma de enfermedad periodontal y que entre el 10-15% tienen periodontitis severa. En la \u00faltima d\u00e9cada, cada vez  [&#8230;]<\/p>\n","protected":false},"author":6,"featured_media":1128,"comment_status":"open","ping_status":"open","sticky":false,"template":"","format":"standard","meta":{"footnotes":""},"categories":[13],"tags":[16,15,14],"class_list":["post-1127","post","type-post","status-publish","format-standard","has-post-thumbnail","hentry","category-tratamiento-periodontal","tag-clinica-periodental","tag-enfermedad-periodontal","tag-tratamiento-periodontal"],"yoast_head":"<!-- This site is optimized with the Yoast SEO Premium plugin v18.1 (Yoast SEO v27.4) - https:\/\/yoast.com\/product\/yoast-seo-premium-wordpress\/ -->\n<title>Enfermedad periodontal, \u00bfC\u00f3mo afecta a su salud general? | Cl\u00ednica Dental Dr. Vilar<\/title>\n<meta name=\"description\" content=\"Explicamos la relaci\u00f3n entre la enfermedad periodontal y las enfermedades sist\u00e9micas que afectan a otras zonas del cuerpo.\" \/>\n<meta name=\"robots\" content=\"index, follow, max-snippet:-1, max-image-preview:large, max-video-preview:-1\" \/>\n<link rel=\"canonical\" href=\"https:\/\/clinicadrcasasvilar.com\/ca\/malaltia-periodontal-com-afecta-a-la-seva-salut-general\/\" \/>\n<meta property=\"og:locale\" content=\"ca_ES\" \/>\n<meta property=\"og:type\" content=\"article\" \/>\n<meta property=\"og:title\" content=\"Enfermedad periodontal, \u00bfC\u00f3mo afecta a su salud general?\" \/>\n<meta property=\"og:url\" content=\"https:\/\/clinicadrcasasvilar.com\/ca\/malaltia-periodontal-com-afecta-a-la-seva-salut-general\/\" \/>\n<meta property=\"og:site_name\" content=\"Clinica Dr. Vilar\" \/>\n<meta property=\"article:published_time\" content=\"2021-07-22T17:09:40+00:00\" \/>\n<meta property=\"article:modified_time\" content=\"2022-04-20T16:53:08+00:00\" \/>\n<meta property=\"og:image\" content=\"https:\/\/clinicadrcasasvilar.com\/wp-content\/uploads\/2021\/07\/Enfermedad-periodontal-Como-afecta-a-su-salud-general-.jpg\" \/>\n\t<meta property=\"og:image:width\" content=\"1000\" \/>\n\t<meta property=\"og:image:height\" content=\"750\" \/>\n\t<meta property=\"og:image:type\" content=\"image\/jpeg\" \/>\n<meta name=\"author\" content=\"Erik Nubulus\" \/>\n<meta name=\"twitter:card\" content=\"summary_large_image\" \/>\n<script type=\"application\/ld+json\" class=\"yoast-schema-graph\">{\"@context\":\"https:\\\/\\\/schema.org\",\"@graph\":[{\"@type\":\"Article\",\"@id\":\"https:\\\/\\\/clinicadrcasasvilar.com\\\/enfermedad-periodontal-como-afecta-a-su-salud-general\\\/#article\",\"isPartOf\":{\"@id\":\"https:\\\/\\\/clinicadrcasasvilar.com\\\/enfermedad-periodontal-como-afecta-a-su-salud-general\\\/\"},\"author\":{\"name\":\"Erik Nubulus\",\"@id\":\"https:\\\/\\\/clinicadrcasasvilar.com\\\/#\\\/schema\\\/person\\\/81f36653f2664bbf391448e989a497ed\"},\"headline\":\"Enfermedad periodontal, \u00bfC\u00f3mo afecta a su salud general?\",\"datePublished\":\"2021-07-22T17:09:40+00:00\",\"dateModified\":\"2022-04-20T16:53:08+00:00\",\"mainEntityOfPage\":{\"@id\":\"https:\\\/\\\/clinicadrcasasvilar.com\\\/enfermedad-periodontal-como-afecta-a-su-salud-general\\\/\"},\"wordCount\":1264,\"commentCount\":0,\"publisher\":{\"@id\":\"https:\\\/\\\/clinicadrcasasvilar.com\\\/#organization\"},\"image\":{\"@id\":\"https:\\\/\\\/clinicadrcasasvilar.com\\\/enfermedad-periodontal-como-afecta-a-su-salud-general\\\/#primaryimage\"},\"thumbnailUrl\":\"https:\\\/\\\/clinicadrcasasvilar.com\\\/wp-content\\\/uploads\\\/2021\\\/07\\\/Enfermedad-periodontal-Como-afecta-a-su-salud-general-.jpg\",\"keywords\":[\"Clinica Periodental\",\"Enfermedad Periodontal\",\"Tratamiento Periodontal\"],\"articleSection\":[\"Tratamiento Periodontal\"],\"inLanguage\":\"ca\",\"potentialAction\":[{\"@type\":\"CommentAction\",\"name\":\"Comment\",\"target\":[\"https:\\\/\\\/clinicadrcasasvilar.com\\\/enfermedad-periodontal-como-afecta-a-su-salud-general\\\/#respond\"]}]},{\"@type\":\"WebPage\",\"@id\":\"https:\\\/\\\/clinicadrcasasvilar.com\\\/enfermedad-periodontal-como-afecta-a-su-salud-general\\\/\",\"url\":\"https:\\\/\\\/clinicadrcasasvilar.com\\\/enfermedad-periodontal-como-afecta-a-su-salud-general\\\/\",\"name\":\"Enfermedad periodontal, \u00bfC\u00f3mo afecta a su salud general? | Cl\u00ednica Dental Dr. Vilar\",\"isPartOf\":{\"@id\":\"https:\\\/\\\/clinicadrcasasvilar.com\\\/#website\"},\"primaryImageOfPage\":{\"@id\":\"https:\\\/\\\/clinicadrcasasvilar.com\\\/enfermedad-periodontal-como-afecta-a-su-salud-general\\\/#primaryimage\"},\"image\":{\"@id\":\"https:\\\/\\\/clinicadrcasasvilar.com\\\/enfermedad-periodontal-como-afecta-a-su-salud-general\\\/#primaryimage\"},\"thumbnailUrl\":\"https:\\\/\\\/clinicadrcasasvilar.com\\\/wp-content\\\/uploads\\\/2021\\\/07\\\/Enfermedad-periodontal-Como-afecta-a-su-salud-general-.jpg\",\"datePublished\":\"2021-07-22T17:09:40+00:00\",\"dateModified\":\"2022-04-20T16:53:08+00:00\",\"description\":\"Explicamos la relaci\u00f3n entre la enfermedad periodontal y las enfermedades sist\u00e9micas que afectan a otras zonas del cuerpo.\",\"breadcrumb\":{\"@id\":\"https:\\\/\\\/clinicadrcasasvilar.com\\\/enfermedad-periodontal-como-afecta-a-su-salud-general\\\/#breadcrumb\"},\"inLanguage\":\"ca\",\"potentialAction\":[{\"@type\":\"ReadAction\",\"target\":[\"https:\\\/\\\/clinicadrcasasvilar.com\\\/enfermedad-periodontal-como-afecta-a-su-salud-general\\\/\"]}]},{\"@type\":\"ImageObject\",\"inLanguage\":\"ca\",\"@id\":\"https:\\\/\\\/clinicadrcasasvilar.com\\\/enfermedad-periodontal-como-afecta-a-su-salud-general\\\/#primaryimage\",\"url\":\"https:\\\/\\\/clinicadrcasasvilar.com\\\/wp-content\\\/uploads\\\/2021\\\/07\\\/Enfermedad-periodontal-Como-afecta-a-su-salud-general-.jpg\",\"contentUrl\":\"https:\\\/\\\/clinicadrcasasvilar.com\\\/wp-content\\\/uploads\\\/2021\\\/07\\\/Enfermedad-periodontal-Como-afecta-a-su-salud-general-.jpg\",\"width\":1000,\"height\":750},{\"@type\":\"BreadcrumbList\",\"@id\":\"https:\\\/\\\/clinicadrcasasvilar.com\\\/enfermedad-periodontal-como-afecta-a-su-salud-general\\\/#breadcrumb\",\"itemListElement\":[{\"@type\":\"ListItem\",\"position\":1,\"name\":\"Inici\",\"item\":\"https:\\\/\\\/clinicadrcasasvilar.com\\\/\"},{\"@type\":\"ListItem\",\"position\":2,\"name\":\"Enfermedad periodontal, \u00bfC\u00f3mo afecta a su salud general?\"}]},{\"@type\":\"WebSite\",\"@id\":\"https:\\\/\\\/clinicadrcasasvilar.com\\\/#website\",\"url\":\"https:\\\/\\\/clinicadrcasasvilar.com\\\/\",\"name\":\"Clinica Dr. Vilar\",\"description\":\"Per\u00edodoncia En Exclusiva\",\"publisher\":{\"@id\":\"https:\\\/\\\/clinicadrcasasvilar.com\\\/#organization\"},\"potentialAction\":[{\"@type\":\"SearchAction\",\"target\":{\"@type\":\"EntryPoint\",\"urlTemplate\":\"https:\\\/\\\/clinicadrcasasvilar.com\\\/?s={search_term_string}\"},\"query-input\":{\"@type\":\"PropertyValueSpecification\",\"valueRequired\":true,\"valueName\":\"search_term_string\"}}],\"inLanguage\":\"ca\"},{\"@type\":\"Organization\",\"@id\":\"https:\\\/\\\/clinicadrcasasvilar.com\\\/#organization\",\"name\":\"Clinica Dental Dr. JJ Vilar\",\"url\":\"https:\\\/\\\/clinicadrcasasvilar.com\\\/\",\"logo\":{\"@type\":\"ImageObject\",\"inLanguage\":\"ca\",\"@id\":\"https:\\\/\\\/clinicadrcasasvilar.com\\\/#\\\/schema\\\/logo\\\/image\\\/\",\"url\":\"https:\\\/\\\/clinicadrcasasvilar.com\\\/wp-content\\\/uploads\\\/2022\\\/05\\\/LOGO_Clinica_Casas-Vilar.png\",\"contentUrl\":\"https:\\\/\\\/clinicadrcasasvilar.com\\\/wp-content\\\/uploads\\\/2022\\\/05\\\/LOGO_Clinica_Casas-Vilar.png\",\"width\":1024,\"height\":604,\"caption\":\"Clinica Dental Dr. JJ Vilar\"},\"image\":{\"@id\":\"https:\\\/\\\/clinicadrcasasvilar.com\\\/#\\\/schema\\\/logo\\\/image\\\/\"}},{\"@type\":\"Person\",\"@id\":\"https:\\\/\\\/clinicadrcasasvilar.com\\\/#\\\/schema\\\/person\\\/81f36653f2664bbf391448e989a497ed\",\"name\":\"Erik Nubulus\",\"image\":{\"@type\":\"ImageObject\",\"inLanguage\":\"ca\",\"@id\":\"https:\\\/\\\/secure.gravatar.com\\\/avatar\\\/f27eb69cb2e6d8829ec2b77a333ce7f8e9929ca24abe467f4bc572eb5006f72a?s=96&d=mm&r=g\",\"url\":\"https:\\\/\\\/secure.gravatar.com\\\/avatar\\\/f27eb69cb2e6d8829ec2b77a333ce7f8e9929ca24abe467f4bc572eb5006f72a?s=96&d=mm&r=g\",\"contentUrl\":\"https:\\\/\\\/secure.gravatar.com\\\/avatar\\\/f27eb69cb2e6d8829ec2b77a333ce7f8e9929ca24abe467f4bc572eb5006f72a?s=96&d=mm&r=g\",\"caption\":\"Erik Nubulus\"},\"url\":\"https:\\\/\\\/clinicadrcasasvilar.com\\\/ca\\\/author\\\/erik\\\/\"}]}<\/script>\n<!-- \/ Yoast SEO Premium plugin. -->","yoast_head_json":{"title":"Malaltia periodontal, com afecta la salut general? | Cl\u00ednica Dental Dr. Vilar","description":"Expliquem la relaci\u00f3 entre la malaltia periodontal i les malalties sist\u00e8miques que afecten altres zones del cos.","robots":{"index":"index","follow":"follow","max-snippet":"max-snippet:-1","max-image-preview":"max-image-preview:large","max-video-preview":"max-video-preview:-1"},"canonical":"https:\/\/clinicadrcasasvilar.com\/ca\/malaltia-periodontal-com-afecta-a-la-seva-salut-general\/","og_locale":"ca_ES","og_type":"article","og_title":"Enfermedad periodontal, \u00bfC\u00f3mo afecta a su salud general?","og_url":"https:\/\/clinicadrcasasvilar.com\/ca\/malaltia-periodontal-com-afecta-a-la-seva-salut-general\/","og_site_name":"Clinica Dr. Vilar","article_published_time":"2021-07-22T17:09:40+00:00","article_modified_time":"2022-04-20T16:53:08+00:00","og_image":[{"width":1000,"height":750,"url":"https:\/\/clinicadrcasasvilar.com\/wp-content\/uploads\/2021\/07\/Enfermedad-periodontal-Como-afecta-a-su-salud-general-.jpg","type":"image\/jpeg"}],"author":"Erik Nubulus","twitter_card":"summary_large_image","schema":{"@context":"https:\/\/schema.org","@graph":[{"@type":"Article","@id":"https:\/\/clinicadrcasasvilar.com\/enfermedad-periodontal-como-afecta-a-su-salud-general\/#article","isPartOf":{"@id":"https:\/\/clinicadrcasasvilar.com\/enfermedad-periodontal-como-afecta-a-su-salud-general\/"},"author":{"name":"Erik Nubulus","@id":"https:\/\/clinicadrcasasvilar.com\/#\/schema\/person\/81f36653f2664bbf391448e989a497ed"},"headline":"Enfermedad periodontal, \u00bfC\u00f3mo afecta a su salud general?","datePublished":"2021-07-22T17:09:40+00:00","dateModified":"2022-04-20T16:53:08+00:00","mainEntityOfPage":{"@id":"https:\/\/clinicadrcasasvilar.com\/enfermedad-periodontal-como-afecta-a-su-salud-general\/"},"wordCount":1264,"commentCount":0,"publisher":{"@id":"https:\/\/clinicadrcasasvilar.com\/#organization"},"image":{"@id":"https:\/\/clinicadrcasasvilar.com\/enfermedad-periodontal-como-afecta-a-su-salud-general\/#primaryimage"},"thumbnailUrl":"https:\/\/clinicadrcasasvilar.com\/wp-content\/uploads\/2021\/07\/Enfermedad-periodontal-Como-afecta-a-su-salud-general-.jpg","keywords":["Clinica Periodental","Enfermedad Periodontal","Tratamiento Periodontal"],"articleSection":["Tratamiento Periodontal"],"inLanguage":"ca","potentialAction":[{"@type":"CommentAction","name":"Comment","target":["https:\/\/clinicadrcasasvilar.com\/enfermedad-periodontal-como-afecta-a-su-salud-general\/#respond"]}]},{"@type":"WebPage","@id":"https:\/\/clinicadrcasasvilar.com\/enfermedad-periodontal-como-afecta-a-su-salud-general\/","url":"https:\/\/clinicadrcasasvilar.com\/enfermedad-periodontal-como-afecta-a-su-salud-general\/","name":"Malaltia periodontal, com afecta la salut general? | Cl\u00ednica Dental Dr. Vilar","isPartOf":{"@id":"https:\/\/clinicadrcasasvilar.com\/#website"},"primaryImageOfPage":{"@id":"https:\/\/clinicadrcasasvilar.com\/enfermedad-periodontal-como-afecta-a-su-salud-general\/#primaryimage"},"image":{"@id":"https:\/\/clinicadrcasasvilar.com\/enfermedad-periodontal-como-afecta-a-su-salud-general\/#primaryimage"},"thumbnailUrl":"https:\/\/clinicadrcasasvilar.com\/wp-content\/uploads\/2021\/07\/Enfermedad-periodontal-Como-afecta-a-su-salud-general-.jpg","datePublished":"2021-07-22T17:09:40+00:00","dateModified":"2022-04-20T16:53:08+00:00","description":"Expliquem la relaci\u00f3 entre la malaltia periodontal i les malalties sist\u00e8miques que afecten altres zones del cos.","breadcrumb":{"@id":"https:\/\/clinicadrcasasvilar.com\/enfermedad-periodontal-como-afecta-a-su-salud-general\/#breadcrumb"},"inLanguage":"ca","potentialAction":[{"@type":"ReadAction","target":["https:\/\/clinicadrcasasvilar.com\/enfermedad-periodontal-como-afecta-a-su-salud-general\/"]}]},{"@type":"ImageObject","inLanguage":"ca","@id":"https:\/\/clinicadrcasasvilar.com\/enfermedad-periodontal-como-afecta-a-su-salud-general\/#primaryimage","url":"https:\/\/clinicadrcasasvilar.com\/wp-content\/uploads\/2021\/07\/Enfermedad-periodontal-Como-afecta-a-su-salud-general-.jpg","contentUrl":"https:\/\/clinicadrcasasvilar.com\/wp-content\/uploads\/2021\/07\/Enfermedad-periodontal-Como-afecta-a-su-salud-general-.jpg","width":1000,"height":750},{"@type":"BreadcrumbList","@id":"https:\/\/clinicadrcasasvilar.com\/enfermedad-periodontal-como-afecta-a-su-salud-general\/#breadcrumb","itemListElement":[{"@type":"ListItem","position":1,"name":"Inici","item":"https:\/\/clinicadrcasasvilar.com\/"},{"@type":"ListItem","position":2,"name":"Enfermedad periodontal, \u00bfC\u00f3mo afecta a su salud general?"}]},{"@type":"WebSite","@id":"https:\/\/clinicadrcasasvilar.com\/#website","url":"https:\/\/clinicadrcasasvilar.com\/","name":"Cl\u00ednica Dr. Vilar","description":"Period\u00f2ncia A Exclusiva","publisher":{"@id":"https:\/\/clinicadrcasasvilar.com\/#organization"},"potentialAction":[{"@type":"SearchAction","target":{"@type":"EntryPoint","urlTemplate":"https:\/\/clinicadrcasasvilar.com\/?s={search_term_string}"},"query-input":{"@type":"PropertyValueSpecification","valueRequired":true,"valueName":"search_term_string"}}],"inLanguage":"ca"},{"@type":"Organization","@id":"https:\/\/clinicadrcasasvilar.com\/#organization","name":"Cl\u00ednica Dental Dr. JJ Vilar","url":"https:\/\/clinicadrcasasvilar.com\/","logo":{"@type":"ImageObject","inLanguage":"ca","@id":"https:\/\/clinicadrcasasvilar.com\/#\/schema\/logo\/image\/","url":"https:\/\/clinicadrcasasvilar.com\/wp-content\/uploads\/2022\/05\/LOGO_Clinica_Casas-Vilar.png","contentUrl":"https:\/\/clinicadrcasasvilar.com\/wp-content\/uploads\/2022\/05\/LOGO_Clinica_Casas-Vilar.png","width":1024,"height":604,"caption":"Clinica Dental Dr. JJ Vilar"},"image":{"@id":"https:\/\/clinicadrcasasvilar.com\/#\/schema\/logo\/image\/"}},{"@type":"Person","@id":"https:\/\/clinicadrcasasvilar.com\/#\/schema\/person\/81f36653f2664bbf391448e989a497ed","name":"Erik Nubulus","image":{"@type":"ImageObject","inLanguage":"ca","@id":"https:\/\/secure.gravatar.com\/avatar\/f27eb69cb2e6d8829ec2b77a333ce7f8e9929ca24abe467f4bc572eb5006f72a?s=96&d=mm&r=g","url":"https:\/\/secure.gravatar.com\/avatar\/f27eb69cb2e6d8829ec2b77a333ce7f8e9929ca24abe467f4bc572eb5006f72a?s=96&d=mm&r=g","contentUrl":"https:\/\/secure.gravatar.com\/avatar\/f27eb69cb2e6d8829ec2b77a333ce7f8e9929ca24abe467f4bc572eb5006f72a?s=96&d=mm&r=g","caption":"Erik Nubulus"},"url":"https:\/\/clinicadrcasasvilar.com\/ca\/author\/erik\/"}]}},"_links":{"self":[{"href":"https:\/\/clinicadrcasasvilar.com\/ca\/wp-json\/wp\/v2\/posts\/1127","targetHints":{"allow":["GET"]}}],"collection":[{"href":"https:\/\/clinicadrcasasvilar.com\/ca\/wp-json\/wp\/v2\/posts"}],"about":[{"href":"https:\/\/clinicadrcasasvilar.com\/ca\/wp-json\/wp\/v2\/types\/post"}],"author":[{"embeddable":true,"href":"https:\/\/clinicadrcasasvilar.com\/ca\/wp-json\/wp\/v2\/users\/6"}],"replies":[{"embeddable":true,"href":"https:\/\/clinicadrcasasvilar.com\/ca\/wp-json\/wp\/v2\/comments?post=1127"}],"version-history":[{"count":10,"href":"https:\/\/clinicadrcasasvilar.com\/ca\/wp-json\/wp\/v2\/posts\/1127\/revisions"}],"predecessor-version":[{"id":1537,"href":"https:\/\/clinicadrcasasvilar.com\/ca\/wp-json\/wp\/v2\/posts\/1127\/revisions\/1537"}],"wp:featuredmedia":[{"embeddable":true,"href":"https:\/\/clinicadrcasasvilar.com\/ca\/wp-json\/wp\/v2\/media\/1128"}],"wp:attachment":[{"href":"https:\/\/clinicadrcasasvilar.com\/ca\/wp-json\/wp\/v2\/media?parent=1127"}],"wp:term":[{"taxonomy":"category","embeddable":true,"href":"https:\/\/clinicadrcasasvilar.com\/ca\/wp-json\/wp\/v2\/categories?post=1127"},{"taxonomy":"post_tag","embeddable":true,"href":"https:\/\/clinicadrcasasvilar.com\/ca\/wp-json\/wp\/v2\/tags?post=1127"}],"curies":[{"name":"wp","href":"https:\/\/api.w.org\/{rel}","templated":true}]}}